{"id":173,"date":"2022-06-28T14:06:00","date_gmt":"2022-06-28T12:06:00","guid":{"rendered":"https:\/\/beta4.mrtanandco.fr\/?p=173"},"modified":"2023-06-30T14:14:05","modified_gmt":"2023-06-30T12:14:05","slug":"communique-de-presse-de-mr-tan-et-diane-le-feyer","status":"publish","type":"post","link":"https:\/\/www.mrtanandco.fr\/index.php\/2022\/06\/28\/communique-de-presse-de-mr-tan-et-diane-le-feyer\/","title":{"rendered":"Communiqu\u00e9 de presse de Mr\u00a0Tan et Diane\u00a0le\u00a0Feyer"},"content":{"rendered":"\n<p>Apr\u00e8s 10 ann\u00e9es de collaboration dans le groupe Bayard (avec Tourbillon puis Bayard jeunesse) et 11 millions d\u2019exemplaires \u00e9coul\u00e9s, nous avons \u00e0 c\u0153ur aujourd\u2019hui, en tant que cr\u00e9ateurs et artistes, de nous investir encore davantage dans les d\u00e9veloppements et projets \u00e0 venir autour de notre h\u00e9ro\u00efne. Pour le faire au plus pr\u00e8s de nos envies artistiques,<strong>nous avons d\u00e9cid\u00e9 la cr\u00e9ation de notre propre structure \u00e9ditoriale pour la publication de la suite des aventures de Mortelle Ad\u00e8le en 2023 ainsi que de la s\u00e9rie Gadou.<\/strong><\/p>\n\n\n\n<p>Bayard continue \u00e0 exploiter les titres existants Mortelle Ad\u00e8le et fera para\u00eetre les deux nouveaut\u00e9s 2022 \u00e0 venir : le roman n\u00b03 intitul\u00e9 \u00ab Debout les Bizarres \u00bb en ao\u00fbt ainsi que le tome 19 de la BD en octobre.<\/p>\n\n\n\n<p><strong>Apr\u00e8s la publication du tome 19, c\u2019est donc dans notre structure que les projets \u00e0 venir verront le jour, que ce soit le tome 20, le nouveau magazine Mortelle Ad\u00e8le et plein de belles surprises autour de Mortelle Ad\u00e8le, d\u2019Ajax, mais aussi de nouveaux personnages.<\/strong><\/p>\n\n\n\n<p>Nous remercions les \u00e9quipes de Tourbillon et Bayard pour la collaboration autour de notre s\u00e9rie. Nous nous r\u00e9jouissons d\u2019entreprendre la suite de cette aventure mortelle (et bien d\u2019autres !) avec les libraires qui accompagnent notre h\u00e9ro\u00efne au quotidien, les biblioth\u00e9caires et tous nos autres partenaires de la cha\u00eene du livre, ainsi bien s\u00fbr que tous les enfants, parents, lecteurs devenus membres du Club des Bizarres, qui nous ont rejoint depuis 2012.<\/p>\n\n\n\n<p><strong>Depuis qu\u2019elle existe, Mortelle Ad\u00e8le encourage les enfants \u00e0 s\u2019emparer du monde, \u00e0 c\u00e9l\u00e9brer leur force int\u00e9rieure, \u00e0 dire non et \u00e0 d\u00e9sob\u00e9ir quand la situation le leur impose. Que l\u2019on soit adulte ou enfant, le message qu\u2019elle nous transmet reste le m\u00eame : allez toujours vers votre v\u00e9rit\u00e9, et ce qui vous rendra heureux.<\/strong><\/p>\n\n\n\n<p><strong>Mr Tan &amp; Diane le Feyer<\/strong><\/p>\n","protected":false},"excerpt":{"rendered":"<p>Apr\u00e8s 10 ann\u00e9es de collaboration dans le groupe Bayard (avec Tourbillon puis Bayard jeunesse) et 11 millions d\u2019exemplaires \u00e9coul\u00e9s, nous avons \u00e0 c\u0153ur aujourd\u2019hui, en tant que cr\u00e9ateurs et artistes, de nous investir encore davantage dans les d\u00e9veloppements et projets \u00e0 venir autour de notre h\u00e9ro\u00efne. Pour le faire au plus pr\u00e8s de nos envies [&hellip;]<\/p>\n","protected":false},"author":1,"featured_media":180,"comment_status":"closed","ping_status":"open","sticky":false,"template":"","format":"standard","meta":{"ocean_post_layout":"","ocean_both_sidebars_style":"","ocean_both_sidebars_content_width":0,"ocean_both_sidebars_sidebars_width":0,"ocean_sidebar":"0","ocean_second_sidebar":"0","ocean_disable_margins":"enable","ocean_add_body_class":"","ocean_shortcode_before_top_bar":"","ocean_shortcode_after_top_bar":"","ocean_shortcode_before_header":"","ocean_shortcode_after_header":"","ocean_has_shortcode":"","ocean_shortcode_after_title":"","ocean_shortcode_before_footer_widgets":"","ocean_shortcode_after_footer_widgets":"","ocean_shortcode_before_footer_bottom":"","ocean_shortcode_after_footer_bottom":"","ocean_display_top_bar":"default","ocean_display_header":"default","ocean_header_style":"","ocean_center_header_left_menu":"0","ocean_custom_header_template":"0","ocean_custom_logo":0,"ocean_custom_retina_logo":0,"ocean_custom_logo_max_width":0,"ocean_custom_logo_tablet_max_width":0,"ocean_custom_logo_mobile_max_width":0,"ocean_custom_logo_max_height":0,"ocean_custom_logo_tablet_max_height":0,"ocean_custom_logo_mobile_max_height":0,"ocean_header_custom_menu":"0","ocean_menu_typo_font_family":"0","ocean_menu_typo_font_subset":"","ocean_menu_typo_font_size":0,"ocean_menu_typo_font_size_tablet":0,"ocean_menu_typo_font_size_mobile":0,"ocean_menu_typo_font_size_unit":"px","ocean_menu_typo_font_weight":"","ocean_menu_typo_font_weight_tablet":"","ocean_menu_typo_font_weight_mobile":"","ocean_menu_typo_transform":"","ocean_menu_typo_transform_tablet":"","ocean_menu_typo_transform_mobile":"","ocean_menu_typo_line_height":0,"ocean_menu_typo_line_height_tablet":0,"ocean_menu_typo_line_height_mobile":0,"ocean_menu_typo_line_height_unit":"","ocean_menu_typo_spacing":0,"ocean_menu_typo_spacing_tablet":0,"ocean_menu_typo_spacing_mobile":0,"ocean_menu_typo_spacing_unit":"","ocean_menu_link_color":"","ocean_menu_link_color_hover":"","ocean_menu_link_color_active":"","ocean_menu_link_background":"","ocean_menu_link_hover_background":"","ocean_menu_link_active_background":"","ocean_menu_social_links_bg":"","ocean_menu_social_hover_links_bg":"","ocean_menu_social_links_color":"","ocean_menu_social_hover_links_color":"","ocean_disable_title":"default","ocean_disable_heading":"default","ocean_post_title":"","ocean_post_subheading":"","ocean_post_title_style":"","ocean_post_title_background_color":"","ocean_post_title_background":0,"ocean_post_title_bg_image_position":"","ocean_post_title_bg_image_attachment":"","ocean_post_title_bg_image_repeat":"","ocean_post_title_bg_image_size":"","ocean_post_title_height":0,"ocean_post_title_bg_overlay":0.5,"ocean_post_title_bg_overlay_color":"","ocean_disable_breadcrumbs":"default","ocean_breadcrumbs_color":"","ocean_breadcrumbs_separator_color":"","ocean_breadcrumbs_links_color":"","ocean_breadcrumbs_links_hover_color":"","ocean_display_footer_widgets":"default","ocean_display_footer_bottom":"default","ocean_custom_footer_template":"0","ocean_post_oembed":"","ocean_post_self_hosted_media":"","ocean_post_video_embed":"","ocean_link_format":"","ocean_link_format_target":"self","ocean_quote_format":"","ocean_quote_format_link":"post","ocean_gallery_link_images":"off","ocean_gallery_id":[],"footnotes":""},"categories":[3],"tags":[7,5,6],"class_list":["post-173","post","type-post","status-publish","format-standard","has-post-thumbnail","hentry","category-evenements","tag-diane-le-feyer","tag-mortelle-adele","tag-mr-tan","entry","has-media"],"_links":{"self":[{"href":"https:\/\/www.mrtanandco.fr\/index.php\/wp-json\/wp\/v2\/posts\/173","targetHints":{"allow":["GET"]}}],"collection":[{"href":"https:\/\/www.mrtanandco.fr\/index.php\/wp-json\/wp\/v2\/posts"}],"about":[{"href":"https:\/\/www.mrtanandco.fr\/index.php\/wp-json\/wp\/v2\/types\/post"}],"author":[{"embeddable":true,"href":"https:\/\/www.mrtanandco.fr\/index.php\/wp-json\/wp\/v2\/users\/1"}],"replies":[{"embeddable":true,"href":"https:\/\/www.mrtanandco.fr\/index.php\/wp-json\/wp\/v2\/comments?post=173"}],"version-history":[{"count":1,"href":"https:\/\/www.mrtanandco.fr\/index.php\/wp-json\/wp\/v2\/posts\/173\/revisions"}],"predecessor-version":[{"id":174,"href":"https:\/\/www.mrtanandco.fr\/index.php\/wp-json\/wp\/v2\/posts\/173\/revisions\/174"}],"wp:featuredmedia":[{"embeddable":true,"href":"https:\/\/www.mrtanandco.fr\/index.php\/wp-json\/wp\/v2\/media\/180"}],"wp:attachment":[{"href":"https:\/\/www.mrtanandco.fr\/index.php\/wp-json\/wp\/v2\/media?parent=173"}],"wp:term":[{"taxonomy":"category","embeddable":true,"href":"https:\/\/www.mrtanandco.fr\/index.php\/wp-json\/wp\/v2\/categories?post=173"},{"taxonomy":"post_tag","embeddable":true,"href":"https:\/\/www.mrtanandco.fr\/index.php\/wp-json\/wp\/v2\/tags?post=173"}],"curies":[{"name":"wp","href":"https:\/\/api.w.org\/{rel}","templated":true}]}}