{"id":1468,"date":"2025-09-04T08:00:00","date_gmt":"2025-09-04T06:00:00","guid":{"rendered":"https:\/\/www.mrtanandco.fr\/?p=1468"},"modified":"2025-10-09T11:28:53","modified_gmt":"2025-10-09T09:28:53","slug":"deux-nouvelles-histoires-dans-la-collection-les-ptites-histoires-chez-mr-tan-co","status":"publish","type":"post","link":"https:\/\/www.mrtanandco.fr\/index.php\/2025\/09\/04\/deux-nouvelles-histoires-dans-la-collection-les-ptites-histoires-chez-mr-tan-co\/","title":{"rendered":"Annonce de nouveaux livres dans la collection \u00ab\u00a0Les p&rsquo;tites histoires\u00a0\u00bb chez Mr Tan &amp; Co."},"content":{"rendered":"\n<p>La maison de cr\u00e9ation Mr Tan &amp; Co vous d\u00e9voile les deux nouveaux livres illustr\u00e9s de sa nouvelle collection \u00ab Les p\u2019tites histoires \u00bb pour les enfants de 3 \u00e0 99 ans \u00e0 para\u00eetre le 4 septembre 2025. <br><br>Vous d\u00e9couvrirez des h\u00e9ros riches en couleurs pour explorer la complexit\u00e9 des \u00e9motions de notre enfant int\u00e9rieur. La collection s\u2019enrichit de deux p\u2019tites histoires. La premi\u00e8re avec le titre \u00ab Mortelle Ad\u00e8le &#8211; Non, non et non ! \u00bb o\u00f9 notre b\u00e9b\u00e9 mortel vous attend dans une histoire dr\u00f4le et pleine de po\u00e9sie pour nous rappeler qu\u2019il n\u2019y a pas d\u2019\u00e2ge pour exprimer sa personnalit\u00e9 ! Et la seconde, \u00ab Tu ne seras jamais seul \u00bb, le premier tome de Magic Eddy dans la collection des p\u2019tites histoires. Magic Eddy que vous avez d\u00e9couvert dans La petite grande chaventure d\u2019Ajax 2, d\u00e9j\u00e0 en librairie !<\/p>\n\n\n<div class=\"_df_book df-lite\" id=\"df_1476\"  _slug=\"communique-du-4-septembre-2025\" data-title=\"communique-du-4-septembre-2025\" wpoptions=\"true\" thumbtype=\"\" ><\/div><script class=\"df-shortcode-script\" nowprocket type=\"application\/javascript\">window.option_df_1476 = {\"outline\":[],\"backgroundColor\":\"#fff\",\"autoEnableOutline\":\"false\",\"autoEnableThumbnail\":\"false\",\"overwritePDFOutline\":\"false\",\"direction\":\"1\",\"pageSize\":\"0\",\"soundEnable\":\"false\",\"source\":\"https:\\\/\\\/www.mrtanandco.fr\\\/wp-content\\\/uploads\\\/2025\\\/09\\\/CP_PtitesHistoires-4-septembre-2025.pdf\",\"wpOptions\":\"true\"}; if(window.DFLIP && window.DFLIP.parseBooks){window.DFLIP.parseBooks();}<\/script>\n\n\n\n<div class=\"wp-block-buttons is-content-justification-center is-layout-flex wp-container-core-buttons-is-layout-16018d1d wp-block-buttons-is-layout-flex\">\n<div class=\"wp-block-button\"><a class=\"wp-block-button__link wp-element-button\" href=\"https:\/\/www.mrtanandco.fr\/index.php\/les-ptites-histoires\/\">En savoir plus&#8230;<\/a><\/div>\n<\/div>\n\n\n\n<p><\/p>\n","protected":false},"excerpt":{"rendered":"<p>La maison de cr\u00e9ation Mr Tan &amp; Co vous d\u00e9voile les deux nouveaux livres illustr\u00e9s de sa nouvelle collection \u00ab Les p\u2019tites histoires \u00bb pour les enfants de 3 \u00e0 99 ans \u00e0 para\u00eetre le 4 septembre 2025. Vous d\u00e9couvrirez des h\u00e9ros riches en couleurs pour explorer la complexit\u00e9 des \u00e9motions de notre enfant int\u00e9rieur. [&hellip;]<\/p>\n","protected":false},"author":1,"featured_media":1469,"comment_status":"closed","ping_status":"open","sticky":false,"template":"","format":"standard","meta":{"ocean_post_layout":"","ocean_both_sidebars_style":"","ocean_both_sidebars_content_width":0,"ocean_both_sidebars_sidebars_width":0,"ocean_sidebar":"","ocean_second_sidebar":"","ocean_disable_margins":"enable","ocean_add_body_class":"","ocean_shortcode_before_top_bar":"","ocean_shortcode_after_top_bar":"","ocean_shortcode_before_header":"","ocean_shortcode_after_header":"","ocean_has_shortcode":"","ocean_shortcode_after_title":"","ocean_shortcode_before_footer_widgets":"","ocean_shortcode_after_footer_widgets":"","ocean_shortcode_before_footer_bottom":"","ocean_shortcode_after_footer_bottom":"","ocean_display_top_bar":"default","ocean_display_header":"default","ocean_header_style":"","ocean_center_header_left_menu":"","ocean_custom_header_template":"","ocean_custom_logo":0,"ocean_custom_retina_logo":0,"ocean_custom_logo_max_width":0,"ocean_custom_logo_tablet_max_width":0,"ocean_custom_logo_mobile_max_width":0,"ocean_custom_logo_max_height":0,"ocean_custom_logo_tablet_max_height":0,"ocean_custom_logo_mobile_max_height":0,"ocean_header_custom_menu":"","ocean_menu_typo_font_family":"","ocean_menu_typo_font_subset":"","ocean_menu_typo_font_size":0,"ocean_menu_typo_font_size_tablet":0,"ocean_menu_typo_font_size_mobile":0,"ocean_menu_typo_font_size_unit":"px","ocean_menu_typo_font_weight":"","ocean_menu_typo_font_weight_tablet":"","ocean_menu_typo_font_weight_mobile":"","ocean_menu_typo_transform":"","ocean_menu_typo_transform_tablet":"","ocean_menu_typo_transform_mobile":"","ocean_menu_typo_line_height":0,"ocean_menu_typo_line_height_tablet":0,"ocean_menu_typo_line_height_mobile":0,"ocean_menu_typo_line_height_unit":"","ocean_menu_typo_spacing":0,"ocean_menu_typo_spacing_tablet":0,"ocean_menu_typo_spacing_mobile":0,"ocean_menu_typo_spacing_unit":"","ocean_menu_link_color":"","ocean_menu_link_color_hover":"","ocean_menu_link_color_active":"","ocean_menu_link_background":"","ocean_menu_link_hover_background":"","ocean_menu_link_active_background":"","ocean_menu_social_links_bg":"","ocean_menu_social_hover_links_bg":"","ocean_menu_social_links_color":"","ocean_menu_social_hover_links_color":"","ocean_disable_title":"default","ocean_disable_heading":"default","ocean_post_title":"","ocean_post_subheading":"","ocean_post_title_style":"","ocean_post_title_background_color":"","ocean_post_title_background":0,"ocean_post_title_bg_image_position":"","ocean_post_title_bg_image_attachment":"","ocean_post_title_bg_image_repeat":"","ocean_post_title_bg_image_size":"","ocean_post_title_height":0,"ocean_post_title_bg_overlay":0.5,"ocean_post_title_bg_overlay_color":"","ocean_disable_breadcrumbs":"default","ocean_breadcrumbs_color":"","ocean_breadcrumbs_separator_color":"","ocean_breadcrumbs_links_color":"","ocean_breadcrumbs_links_hover_color":"","ocean_display_footer_widgets":"default","ocean_display_footer_bottom":"default","ocean_custom_footer_template":"","ocean_post_oembed":"","ocean_post_self_hosted_media":"","ocean_post_video_embed":"","ocean_link_format":"","ocean_link_format_target":"self","ocean_quote_format":"","ocean_quote_format_link":"post","ocean_gallery_link_images":"on","ocean_gallery_id":[],"footnotes":""},"categories":[3],"tags":[7,33,5,6,8,34],"class_list":["post-1468","post","type-post","status-publish","format-standard","has-post-thumbnail","hentry","category-evenements","tag-diane-le-feyer","tag-magic-eddy","tag-mortelle-adele","tag-mr-tan","tag-mr-tan-co","tag-ptite-histoire","entry","has-media"],"_links":{"self":[{"href":"https:\/\/www.mrtanandco.fr\/index.php\/wp-json\/wp\/v2\/posts\/1468","targetHints":{"allow":["GET"]}}],"collection":[{"href":"https:\/\/www.mrtanandco.fr\/index.php\/wp-json\/wp\/v2\/posts"}],"about":[{"href":"https:\/\/www.mrtanandco.fr\/index.php\/wp-json\/wp\/v2\/types\/post"}],"author":[{"embeddable":true,"href":"https:\/\/www.mrtanandco.fr\/index.php\/wp-json\/wp\/v2\/users\/1"}],"replies":[{"embeddable":true,"href":"https:\/\/www.mrtanandco.fr\/index.php\/wp-json\/wp\/v2\/comments?post=1468"}],"version-history":[{"count":3,"href":"https:\/\/www.mrtanandco.fr\/index.php\/wp-json\/wp\/v2\/posts\/1468\/revisions"}],"predecessor-version":[{"id":1481,"href":"https:\/\/www.mrtanandco.fr\/index.php\/wp-json\/wp\/v2\/posts\/1468\/revisions\/1481"}],"wp:featuredmedia":[{"embeddable":true,"href":"https:\/\/www.mrtanandco.fr\/index.php\/wp-json\/wp\/v2\/media\/1469"}],"wp:attachment":[{"href":"https:\/\/www.mrtanandco.fr\/index.php\/wp-json\/wp\/v2\/media?parent=1468"}],"wp:term":[{"taxonomy":"category","embeddable":true,"href":"https:\/\/www.mrtanandco.fr\/index.php\/wp-json\/wp\/v2\/categories?post=1468"},{"taxonomy":"post_tag","embeddable":true,"href":"https:\/\/www.mrtanandco.fr\/index.php\/wp-json\/wp\/v2\/tags?post=1468"}],"curies":[{"name":"wp","href":"https:\/\/api.w.org\/{rel}","templated":true}]}}